{"id":9205,"date":"2025-03-05T16:56:24","date_gmt":"2025-03-05T20:56:24","guid":{"rendered":"https:\/\/akisens.com\/?p=9205"},"modified":"2025-03-05T16:56:24","modified_gmt":"2025-03-05T20:56:24","slug":"cronica-sobre-el-caos-en-el-seguro-de-condominios","status":"publish","type":"post","link":"https:\/\/akisens.montrealenligne.dev\/?p=9205&lang=es","title":{"rendered":"Cr\u00f3nica sobre el caos en el seguro de condominios"},"content":{"rendered":"\t\t<div data-elementor-type=\"wp-post\" data-elementor-id=\"9205\" class=\"elementor elementor-9205\" data-elementor-post-type=\"post\">\n\t\t\t\t\t\t<section class=\"elementor-section elementor-top-section elementor-element elementor-element-f38de2a elementor-section-full_width elementor-section-stretched elementor-section-height-default elementor-section-height-default\" data-id=\"f38de2a\" data-element_type=\"section\" data-e-type=\"section\" data-settings=\"{&quot;stretch_section&quot;:&quot;section-stretched&quot;}\">\n\t\t\t\t\t\t<div class=\"elementor-container elementor-column-gap-default\">\n\t\t\t\t\t<div class=\"elementor-column elementor-col-50 elementor-top-column elementor-element elementor-element-3f4c915\" data-id=\"3f4c915\" data-element_type=\"column\" data-e-type=\"column\">\n\t\t\t<div class=\"elementor-widget-wrap elementor-element-populated\">\n\t\t\t\t\t\t<div class=\"elementor-element elementor-element-58f1b83 elementor-widget elementor-widget-spacer\" data-id=\"58f1b83\" data-element_type=\"widget\" data-e-type=\"widget\" data-widget_type=\"spacer.default\">\n\t\t\t\t\t\t\t<div class=\"elementor-spacer\">\n\t\t\t<div class=\"elementor-spacer-inner\"><\/div>\n\t\t<\/div>\n\t\t\t\t\t\t<\/div>\n\t\t\t\t<div class=\"elementor-element elementor-element-cfe0785 elementor-widget elementor-widget-heading\" data-id=\"cfe0785\" data-element_type=\"widget\" data-e-type=\"widget\" data-widget_type=\"heading.default\">\n\t\t\t\t\t<h1 class=\"elementor-heading-title elementor-size-default\">CR\u00d3NICA SOBRE EL CAOS <br> EN EL SEGURO DE CONDOMINIOS<\/h1>\t\t\t\t<\/div>\n\t\t\t\t<div class=\"elementor-element elementor-element-14bcc3d elementor-widget elementor-widget-spacer\" data-id=\"14bcc3d\" data-element_type=\"widget\" data-e-type=\"widget\" data-widget_type=\"spacer.default\">\n\t\t\t\t\t\t\t<div class=\"elementor-spacer\">\n\t\t\t<div class=\"elementor-spacer-inner\"><\/div>\n\t\t<\/div>\n\t\t\t\t\t\t<\/div>\n\t\t\t\t<div class=\"elementor-element elementor-element-4aa8b2e9 elementor-widget elementor-widget-text-editor\" data-id=\"4aa8b2e9\" data-element_type=\"widget\" data-e-type=\"widget\" data-widget_type=\"text-editor.default\">\n\t\t\t\t\t\t\t\t\t<p class=\"first:mt-1.5\"><strong class=\"\">La confusi\u00f3n reina en el mundo de los seguros de condominios.<\/strong> Aseguradoras, expertos en siniestros y corredores de seguros est\u00e1n en desacuerdo sobre la interpretaci\u00f3n del proyecto de ley 141, adoptado en junio pasado.<\/p><p>\u00a0<\/p><p class=\"first:mt-1.5\">Los primeros art\u00edculos de esta ley entraron en vigor justo antes de Navidad. Pero la industria no se pone de acuerdo sobre su alcance exacto. \u00bfY adivinen qui\u00e9n paga las consecuencias de este caos? As\u00ed es, los copropietarios, que no entienden absolutamente nada de este galimat\u00edas jur\u00eddico.<\/p><p>\u00a0<\/p><p class=\"first:mt-1.5\">\u00ab\u00a0Hay todav\u00eda mucha confusi\u00f3n sobre la interpretaci\u00f3n y la aplicaci\u00f3n de la ley\u00a0\u00bb, se\u00f1ala Lisane Blanchard, portavoz de la C\u00e1mara de Seguros de Da\u00f1os (CHAD), que vela por la protecci\u00f3n del p\u00fablico.<\/p><p>\u00a0<\/p><p class=\"first:mt-1.5\">\u00ab\u00a0Existe un serio problema de comprensi\u00f3n del nuevo marco legislativo\u00a0\u00bb, confirma Yves Joli-Coeur, abogado especializado en derecho inmobiliario y secretario general del Grupo de Gesti\u00f3n y Copropietarios de Quebec (RGCQ). De hecho, escribi\u00f3 una carta al Ministerio de Finanzas para quejarse de las zonas grises de la ley.<\/p><p>\u00a0<\/p><p class=\"first:mt-1.5\">Es necesario que Quebec aclare todo esto lo antes posible, ya que algunos asegurados se encuentran actualmente en una situaci\u00f3n complicada. Algunas aseguradoras \u2014pero no todas\u2014 se niegan rotundamente a indemnizarlos.<\/p><hr \/><h3>\u00a0<\/h3><h3>El caso de PMT Roy<\/h3><p>\u00a0<\/p><p class=\"first:mt-1.5\">La firma de corretaje PMT Roy, que asegura unas 750 copropiedades en todo Quebec, acaba de recibir tres reclamaciones problem\u00e1ticas en una sola semana.<\/p><p class=\"first:mt-1.5\">En un caso, un grifo desgastado caus\u00f3 da\u00f1os por 5,000$. <span class=\"katex\"><span class=\"katex-mathml\">Pero el sindicato de copropietarios no puede ser indemnizado porque su seguro tiene un deducible de 25,000<\/span><\/span>, lo cual no es raro. Debido al aumento de los da\u00f1os por agua en los \u00faltimos a\u00f1os, algunas aseguradoras han elevado sus deducibles hasta 100,000 $.<\/p><p class=\"first:mt-1.5\">El asegurador del copropietario afectado tambi\u00e9n se niega a pagar, interpretando la nueva ley a su favor. \u00ab\u00a0Dice que el sindicato deber\u00e1 hacer la reparaci\u00f3n por su cuenta y pagar de su bolsillo\u00a0\u00bb, informa Annie Gosselin, corredora de seguros de da\u00f1os empresariales en PMT Roy.<\/p><p>\u00a0<\/p><p class=\"first:mt-1.5\">\u00a1Esto va a causar conflictos! Si los sindicatos tienen que pagar por s\u00ed mismos cada vez que hay da\u00f1os menores al deducible, los copropietarios recibir\u00e1n costosas cuotas especiales. Es probable que se enfurezcan con sus vecinos negligentes.<\/p><p>\u00a0<\/p><p class=\"first:mt-1.5\">\u00ab\u00a0\u00bfPor qu\u00e9 deber\u00eda pagar por \u00e9l?\u00a0\u00bb, dir\u00e1n. \u00ab\u00a0\u00a1Yo cambi\u00e9 mi calentador de agua! \u00a1Yo mantengo mi grifer\u00eda en buen estado!\u00a0\u00bb Se avecina una gran disputa entre vecinos&#8230;<\/p><p>\u00a0<\/p><p class=\"first:mt-1.5\">\u00ab\u00a0Si algunas aseguradoras contin\u00faan con esta filosof\u00eda, los copropietarios dejar\u00e1n de reemplazar sus aparatos sanitarios y de mantener sus \u00e1reas privadas, sabiendo que ser\u00e1 el sindicato quien pague cada vez. Esto no es razonable\u00a0\u00bb, opina la Sra. Gosselin.<\/p><hr \/><h3>\u00a0<\/h3><h3>Aclarando las cosas<\/h3><p>\u00a0<\/p><p class=\"first:mt-1.5\">Desde 1994, el sindicato de copropietarios debe asegurar todas las \u00e1reas comunes y privadas del edificio, explica el abogado Joli-Coeur. Pero la mayor\u00eda de las declaraciones de copropiedad obligan a los copropietarios a contratar un seguro de responsabilidad civil para cubrir el monto del deducible del sindicato. Esta obligaci\u00f3n pronto tendr\u00e1 fuerza de ley.<\/p><p>\u00a0<\/p><p class=\"first:mt-1.5\">Con la nueva ley, el sindicato ya no estar\u00e1 obligado a presentar una reclamaci\u00f3n a su aseguradora por todos los siniestros, lo cual pod\u00eda ser desventajoso cuando los da\u00f1os apenas superaban el deducible.<\/p><p class=\"first:mt-1.5\">Ya sea que presente o no una reclamaci\u00f3n, el sindicato siempre tendr\u00e1 la obligaci\u00f3n de realizar las reparaciones y nunca podr\u00e1 reclamar m\u00e1s que el monto del deducible al copropietario responsable. Es el t\u00e9rmino \u00ab\u00a0responsable\u00a0\u00bb lo que actualmente est\u00e1 generando interpretaciones confusas&#8230;<\/p><p>\u00a0<\/p><p class=\"first:mt-1.5\">Por otro lado, los copropietarios tambi\u00e9n deben asegurarse por sus muebles y por las mejoras realizadas en su unidad. Es l\u00f3gico: \u00bfpor qu\u00e9 el seguro del sindicato deber\u00eda pagar porque instalaron pisos de madera ex\u00f3tica o una encimera de m\u00e1rmol en la cocina?<\/p><p>\u00a0<\/p><p class=\"first:mt-1.5\">Para ayudar a los copropietarios a identificar y evaluar mejor el valor de las mejoras realizadas a lo largo de los a\u00f1os, el legislador impondr\u00e1 a los sindicatos la preparaci\u00f3n de una ficha descriptiva suficientemente precisa de la unidad b\u00e1sica. \u00bfQu\u00e9 forma debe tomar esta ficha? Todav\u00eda no est\u00e1 claro&#8230;<\/p><p>\u00a0<\/p><p class=\"first:mt-1.5\">Pero si los sindicatos no lo hacen, todo el edificio ser\u00e1 considerado sin modificaciones, por lo que ser\u00e1 asegurado en su totalidad por el sindicato. La ley a\u00fan no est\u00e1 en vigor, excepto para los edificios construidos desde el 13 de junio de 2018. \u00ab\u00a0Pero las aseguradoras la aplican como si ya lo estuviera, de tal manera que algunos expertos en siniestros dicen cualquier cosa\u00a0\u00bb, lamenta el abogado Joli-Coeur.<\/p><hr \/><h3>\u00a0<\/h3><h3>La reforma del derecho de copropiedad<\/h3><p>\u00a0<\/p><p class=\"first:mt-1.5\">La adopci\u00f3n del proyecto de ley 141 es solo una pieza del rompecabezas de la gran reforma del derecho de copropiedad.<\/p><p class=\"first:mt-1.5\">La otra parte era el proyecto de ley 401, presentado por la ministra liberal Lise Th\u00e9riault en junio pasado. Desafortunadamente, el proyecto qued\u00f3 archivado, y queda por ver si la Coalici\u00f3n Avenir Qu\u00e9bec tendr\u00e1 la motivaci\u00f3n para retomarlo.<\/p><p>\u00a0<\/p><p class=\"first:mt-1.5\">Es esencial. Las reglas que rigen la copropiedad cumplir\u00e1n 50 a\u00f1os este a\u00f1o. \u00a1No son precisamente nuevas!<\/p><p>\u00a0<\/p><p class=\"first:mt-1.5\">En 1969, los condominios eran un fen\u00f3meno marginal. Hoy en d\u00eda, el tema afecta a muchas personas. En Quebec, hay m\u00e1s de 413,000 hogares que viven en una copropiedad, lo que representa casi el 12 % de todos los hogares, seg\u00fan Statistics Canada. El porcentaje es a\u00fan mayor en Montreal, donde casi uno de cada cinco hogares vive en un condominio (18.5 %).<\/p><p>\u00a0<\/p><p class=\"first:mt-1.5\">Es hora de poner orden en estas reglas obsoletas.<\/p><p>\u00a0<\/p><p class=\"first:mt-1.5\">A medida que el parque de condominios envejece, es necesario reforzar las reglas sobre los fondos de reserva para evitar que las arcas est\u00e9n vac\u00edas cuando se presenten trabajos importantes.<\/p><p>\u00a0<\/p><p class=\"first:mt-1.5\">Y ahora que tenemos enormes edificios con cientos de unidades, debemos asegurarnos de que los administradores sean profesionales con las competencias necesarias para manejar este complejo universo.<\/p><p>\u00a0<\/p><p class=\"first:mt-1.5\"><strong class=\"\">ST\u00c9PHANIE GRAMMOND<\/strong><br \/><em>LA PRESSE<\/em><\/p>\t\t\t\t\t\t\t\t<\/div>\n\t\t\t\t\t<\/div>\n\t\t<\/div>\n\t\t\t\t<div class=\"elementor-column elementor-col-50 elementor-top-column elementor-element elementor-element-5d5e5dd\" data-id=\"5d5e5dd\" data-element_type=\"column\" data-e-type=\"column\">\n\t\t\t<div class=\"elementor-widget-wrap elementor-element-populated\">\n\t\t\t\t\t\t<div class=\"elementor-element elementor-element-481650d elementor-widget elementor-widget-spacer\" data-id=\"481650d\" data-element_type=\"widget\" data-e-type=\"widget\" data-widget_type=\"spacer.default\">\n\t\t\t\t\t\t\t<div class=\"elementor-spacer\">\n\t\t\t<div class=\"elementor-spacer-inner\"><\/div>\n\t\t<\/div>\n\t\t\t\t\t\t<\/div>\n\t\t\t\t<div class=\"elementor-element elementor-element-82128e0 elementor-widget elementor-widget-heading\" data-id=\"82128e0\" data-element_type=\"widget\" data-e-type=\"widget\" data-widget_type=\"heading.default\">\n\t\t\t\t\t<h4 class=\"elementor-heading-title elementor-size-default\">Voir nos autres articles<\/h4>\t\t\t\t<\/div>\n\t\t\t\t<div class=\"elementor-element elementor-element-76f9900 elementor-grid-1 elementor-grid-tablet-2 elementor-grid-mobile-1 elementor-posts--thumbnail-top elementor-posts--show-avatar elementor-card-shadow-yes elementor-posts__hover-gradient elementor-widget elementor-widget-posts\" data-id=\"76f9900\" data-element_type=\"widget\" data-e-type=\"widget\" data-settings=\"{&quot;cards_columns&quot;:&quot;1&quot;,&quot;cards_columns_tablet&quot;:&quot;2&quot;,&quot;cards_columns_mobile&quot;:&quot;1&quot;,&quot;cards_row_gap&quot;:{&quot;unit&quot;:&quot;px&quot;,&quot;size&quot;:35,&quot;sizes&quot;:[]},&quot;cards_row_gap_laptop&quot;:{&quot;unit&quot;:&quot;px&quot;,&quot;size&quot;:&quot;&quot;,&quot;sizes&quot;:[]},&quot;cards_row_gap_tablet&quot;:{&quot;unit&quot;:&quot;px&quot;,&quot;size&quot;:&quot;&quot;,&quot;sizes&quot;:[]},&quot;cards_row_gap_mobile&quot;:{&quot;unit&quot;:&quot;px&quot;,&quot;size&quot;:&quot;&quot;,&quot;sizes&quot;:[]}}\" data-widget_type=\"posts.cards\">\n\t\t\t\t<div class=\"elementor-widget-container\">\n\t\t\t\t\t\t\t<div class=\"elementor-posts-container elementor-posts elementor-posts--skin-cards elementor-grid\" role=\"list\">\n\t\t\t\t<article class=\"elementor-post elementor-grid-item post-9329 post type-post status-publish format-standard has-post-thumbnail hentry category-anglais-en\" role=\"listitem\">\n\t\t\t<div class=\"elementor-post__card\">\n\t\t\t\t<a class=\"elementor-post__thumbnail__link\" href=\"https:\/\/akisens.montrealenligne.dev\/?p=9329&#038;lang=en\" tabindex=\"-1\" ><div class=\"elementor-post__thumbnail\"><img decoding=\"async\" width=\"300\" height=\"119\" src=\"https:\/\/akisens.montrealenligne.dev\/wp-content\/uploads\/2022\/06\/2019-01-19_12-58-13-1170x466-1-300x119.jpeg\" class=\"attachment-medium size-medium wp-image-5330\" alt=\"\" srcset=\"https:\/\/akisens.montrealenligne.dev\/wp-content\/uploads\/2022\/06\/2019-01-19_12-58-13-1170x466-1-300x119.jpeg 300w, https:\/\/akisens.montrealenligne.dev\/wp-content\/uploads\/2022\/06\/2019-01-19_12-58-13-1170x466-1-1024x408.jpeg 1024w, https:\/\/akisens.montrealenligne.dev\/wp-content\/uploads\/2022\/06\/2019-01-19_12-58-13-1170x466-1-768x306.jpeg 768w, https:\/\/akisens.montrealenligne.dev\/wp-content\/uploads\/2022\/06\/2019-01-19_12-58-13-1170x466-1.jpeg 1170w\" sizes=\"(max-width: 300px) 100vw, 300px\" \/><\/div><\/a>\n\t\t\t\t<div class=\"elementor-post__badge\">Anglais<\/div>\n\t\t\t\t<div class=\"elementor-post__avatar\">\n\t\t\t<img alt='Patrick Mailloux' src='https:\/\/secure.gravatar.com\/avatar\/415a2ec482907c8c68619a7b8e967735dc2b11ec5aa77f1f3529a7dd84142d41?s=128&#038;d=mm&#038;r=g' srcset='https:\/\/secure.gravatar.com\/avatar\/415a2ec482907c8c68619a7b8e967735dc2b11ec5aa77f1f3529a7dd84142d41?s=256&#038;d=mm&#038;r=g 2x' class='avatar avatar-128 photo' height='128' width='128' \/>\t\t<\/div>\n\t\t\t\t<div class=\"elementor-post__text\">\n\t\t\t\t<h3 class=\"elementor-post__title\">\n\t\t\t<a href=\"https:\/\/akisens.montrealenligne.dev\/?p=9329&amp;lang=en\" >\n\t\t\t\tColumn on the chaos in condo insurance\t\t\t<\/a>\n\t\t<\/h3>\n\t\t\t\t<div class=\"elementor-post__excerpt\">\n\t\t\t<p>CHAOS REIGNS IN THE WORLD OF CONDO INSURANCE \u00a0 Confusion is running rampant in the world of condo insurance. Insurers, claims adjusters, and insurance brokers<\/p>\n\t\t<\/div>\n\t\t\n\t\t<a class=\"elementor-post__read-more\" href=\"https:\/\/akisens.montrealenligne.dev\/?p=9329&#038;lang=en\" aria-label=\"Read more about Column on the chaos in condo insurance\" tabindex=\"-1\" >\n\t\t\tLire la suite \u00bb\t\t<\/a>\n\n\t\t\t\t<\/div>\n\t\t\t\t<div class=\"elementor-post__meta-data\">\n\t\t\t\t\t<span class=\"elementor-post-date\">\n\t\t\t6 mars 2025\t\t<\/span>\n\t\t\t\t<span class=\"elementor-post-avatar\">\n\t\t\tPas de commentaire\t\t<\/span>\n\t\t\t\t<\/div>\n\t\t\t\t\t<\/div>\n\t\t<\/article>\n\t\t\t\t<article class=\"elementor-post elementor-grid-item post-9321 post type-post status-publish format-standard has-post-thumbnail hentry category-anglais-en\" role=\"listitem\">\n\t\t\t<div class=\"elementor-post__card\">\n\t\t\t\t<a class=\"elementor-post__thumbnail__link\" href=\"https:\/\/akisens.montrealenligne.dev\/?p=9321&#038;lang=en\" tabindex=\"-1\" ><div class=\"elementor-post__thumbnail\"><img fetchpriority=\"high\" decoding=\"async\" width=\"300\" height=\"210\" src=\"https:\/\/akisens.montrealenligne.dev\/wp-content\/uploads\/2022\/07\/life-condo-300x210.jpeg\" class=\"attachment-medium size-medium wp-image-5816\" alt=\"\" srcset=\"https:\/\/akisens.montrealenligne.dev\/wp-content\/uploads\/2022\/07\/life-condo-300x210.jpeg 300w, https:\/\/akisens.montrealenligne.dev\/wp-content\/uploads\/2022\/07\/life-condo.jpeg 700w\" sizes=\"(max-width: 300px) 100vw, 300px\" \/><\/div><\/a>\n\t\t\t\t<div class=\"elementor-post__badge\">Anglais<\/div>\n\t\t\t\t<div class=\"elementor-post__avatar\">\n\t\t\t<img alt='Patrick Mailloux' src='https:\/\/secure.gravatar.com\/avatar\/415a2ec482907c8c68619a7b8e967735dc2b11ec5aa77f1f3529a7dd84142d41?s=128&#038;d=mm&#038;r=g' srcset='https:\/\/secure.gravatar.com\/avatar\/415a2ec482907c8c68619a7b8e967735dc2b11ec5aa77f1f3529a7dd84142d41?s=256&#038;d=mm&#038;r=g 2x' class='avatar avatar-128 photo' height='128' width='128' \/>\t\t<\/div>\n\t\t\t\t<div class=\"elementor-post__text\">\n\t\t\t\t<h3 class=\"elementor-post__title\">\n\t\t\t<a href=\"https:\/\/akisens.montrealenligne.dev\/?p=9321&amp;lang=en\" >\n\t\t\t\tCondo and Water Damage\t\t\t<\/a>\n\t\t<\/h3>\n\t\t\t\t<div class=\"elementor-post__excerpt\">\n\t\t\t<p>Condo and Water Damage Water damage is a real headache. For the past 10 years, it has been the leading cause of home insurance claims<\/p>\n\t\t<\/div>\n\t\t\n\t\t<a class=\"elementor-post__read-more\" href=\"https:\/\/akisens.montrealenligne.dev\/?p=9321&#038;lang=en\" aria-label=\"Read more about Condo and Water Damage\" tabindex=\"-1\" >\n\t\t\tLire la suite \u00bb\t\t<\/a>\n\n\t\t\t\t<\/div>\n\t\t\t\t<div class=\"elementor-post__meta-data\">\n\t\t\t\t\t<span class=\"elementor-post-date\">\n\t\t\t6 mars 2025\t\t<\/span>\n\t\t\t\t<span class=\"elementor-post-avatar\">\n\t\t\tPas de commentaire\t\t<\/span>\n\t\t\t\t<\/div>\n\t\t\t\t\t<\/div>\n\t\t<\/article>\n\t\t\t\t<article class=\"elementor-post elementor-grid-item post-9306 post type-post status-publish format-standard has-post-thumbnail hentry category-anglais-en\" role=\"listitem\">\n\t\t\t<div class=\"elementor-post__card\">\n\t\t\t\t<a class=\"elementor-post__thumbnail__link\" href=\"https:\/\/akisens.montrealenligne.dev\/?p=9306&#038;lang=en\" tabindex=\"-1\" ><div class=\"elementor-post__thumbnail\"><img decoding=\"async\" width=\"300\" height=\"200\" src=\"https:\/\/akisens.montrealenligne.dev\/wp-content\/uploads\/2022\/07\/condo-qui-paye-quoi1-420x280_c-300x200.jpeg\" class=\"attachment-medium size-medium wp-image-5815\" alt=\"\" srcset=\"https:\/\/akisens.montrealenligne.dev\/wp-content\/uploads\/2022\/07\/condo-qui-paye-quoi1-420x280_c-300x200.jpeg 300w, https:\/\/akisens.montrealenligne.dev\/wp-content\/uploads\/2022\/07\/condo-qui-paye-quoi1-420x280_c.jpeg 420w\" sizes=\"(max-width: 300px) 100vw, 300px\" \/><\/div><\/a>\n\t\t\t\t<div class=\"elementor-post__badge\">Anglais<\/div>\n\t\t\t\t<div class=\"elementor-post__avatar\">\n\t\t\t<img alt='Patrick Mailloux' src='https:\/\/secure.gravatar.com\/avatar\/415a2ec482907c8c68619a7b8e967735dc2b11ec5aa77f1f3529a7dd84142d41?s=128&#038;d=mm&#038;r=g' srcset='https:\/\/secure.gravatar.com\/avatar\/415a2ec482907c8c68619a7b8e967735dc2b11ec5aa77f1f3529a7dd84142d41?s=256&#038;d=mm&#038;r=g 2x' class='avatar avatar-128 photo' height='128' width='128' \/>\t\t<\/div>\n\t\t\t\t<div class=\"elementor-post__text\">\n\t\t\t\t<h3 class=\"elementor-post__title\">\n\t\t\t<a href=\"https:\/\/akisens.montrealenligne.dev\/?p=9306&amp;lang=en\" >\n\t\t\t\tIn a Condo, Who Pays for Water Damage?\t\t\t<\/a>\n\t\t<\/h3>\n\t\t\t\t<div class=\"elementor-post__excerpt\">\n\t\t\t<p>In a Condo, Who Pays for Water Damage? In condominiums, water damage often has serious consequences. Imagine a water heater leaking or a washing machine<\/p>\n\t\t<\/div>\n\t\t\n\t\t<a class=\"elementor-post__read-more\" href=\"https:\/\/akisens.montrealenligne.dev\/?p=9306&#038;lang=en\" aria-label=\"Read more about In a Condo, Who Pays for Water Damage?\" tabindex=\"-1\" >\n\t\t\tLire la suite \u00bb\t\t<\/a>\n\n\t\t\t\t<\/div>\n\t\t\t\t<div class=\"elementor-post__meta-data\">\n\t\t\t\t\t<span class=\"elementor-post-date\">\n\t\t\t6 mars 2025\t\t<\/span>\n\t\t\t\t<span class=\"elementor-post-avatar\">\n\t\t\tPas de commentaire\t\t<\/span>\n\t\t\t\t<\/div>\n\t\t\t\t\t<\/div>\n\t\t<\/article>\n\t\t\t\t<article class=\"elementor-post elementor-grid-item post-9222 post type-post status-publish format-standard has-post-thumbnail hentry category-espagnol-es\" role=\"listitem\">\n\t\t\t<div class=\"elementor-post__card\">\n\t\t\t\t<a class=\"elementor-post__thumbnail__link\" href=\"https:\/\/akisens.montrealenligne.dev\/?p=9222&#038;lang=es\" tabindex=\"-1\" ><div class=\"elementor-post__thumbnail\"><img loading=\"lazy\" decoding=\"async\" width=\"300\" height=\"169\" src=\"https:\/\/akisens.montrealenligne.dev\/wp-content\/uploads\/2022\/07\/condo-sous-la-loupe-300x169.jpeg\" class=\"attachment-medium size-medium wp-image-5820\" alt=\"\" srcset=\"https:\/\/akisens.montrealenligne.dev\/wp-content\/uploads\/2022\/07\/condo-sous-la-loupe-300x169.jpeg 300w, https:\/\/akisens.montrealenligne.dev\/wp-content\/uploads\/2022\/07\/condo-sous-la-loupe-768x432.jpeg 768w, https:\/\/akisens.montrealenligne.dev\/wp-content\/uploads\/2022\/07\/condo-sous-la-loupe.jpeg 842w\" sizes=\"(max-width: 300px) 100vw, 300px\" \/><\/div><\/a>\n\t\t\t\t<div class=\"elementor-post__badge\">Espagnol<\/div>\n\t\t\t\t<div class=\"elementor-post__avatar\">\n\t\t\t<img alt='Patrick Mailloux' src='https:\/\/secure.gravatar.com\/avatar\/415a2ec482907c8c68619a7b8e967735dc2b11ec5aa77f1f3529a7dd84142d41?s=128&#038;d=mm&#038;r=g' srcset='https:\/\/secure.gravatar.com\/avatar\/415a2ec482907c8c68619a7b8e967735dc2b11ec5aa77f1f3529a7dd84142d41?s=256&#038;d=mm&#038;r=g 2x' class='avatar avatar-128 photo' height='128' width='128' \/>\t\t<\/div>\n\t\t\t\t<div class=\"elementor-post__text\">\n\t\t\t\t<h3 class=\"elementor-post__title\">\n\t\t\t<a href=\"https:\/\/akisens.montrealenligne.dev\/?p=9222&amp;lang=es\" >\n\t\t\t\tPreguntas frecuentes\t\t\t<\/a>\n\t\t<\/h3>\n\t\t\t\t<div class=\"elementor-post__excerpt\">\n\t\t\t<p>Preguntas frecuentes P \u2013 Deseo modificar o agregar informaciones a mi perfil en la plataforma AkiCentral. \u00a0 R- Agradecemos que no env\u00ede las siguientes informaciones<\/p>\n\t\t<\/div>\n\t\t\n\t\t<a class=\"elementor-post__read-more\" href=\"https:\/\/akisens.montrealenligne.dev\/?p=9222&#038;lang=es\" aria-label=\"Read more about Preguntas frecuentes\" tabindex=\"-1\" >\n\t\t\tLire la suite \u00bb\t\t<\/a>\n\n\t\t\t\t<\/div>\n\t\t\t\t<div class=\"elementor-post__meta-data\">\n\t\t\t\t\t<span class=\"elementor-post-date\">\n\t\t\t6 mars 2025\t\t<\/span>\n\t\t\t\t<span class=\"elementor-post-avatar\">\n\t\t\tPas de commentaire\t\t<\/span>\n\t\t\t\t<\/div>\n\t\t\t\t\t<\/div>\n\t\t<\/article>\n\t\t\t\t<article class=\"elementor-post elementor-grid-item post-9205 post type-post status-publish format-standard has-post-thumbnail hentry category-espagnol-es\" role=\"listitem\">\n\t\t\t<div class=\"elementor-post__card\">\n\t\t\t\t<a class=\"elementor-post__thumbnail__link\" href=\"https:\/\/akisens.montrealenligne.dev\/?p=9205&#038;lang=es\" tabindex=\"-1\" ><div class=\"elementor-post__thumbnail\"><img decoding=\"async\" width=\"300\" height=\"119\" src=\"https:\/\/akisens.montrealenligne.dev\/wp-content\/uploads\/2022\/06\/2019-01-19_12-58-13-1170x466-1-300x119.jpeg\" class=\"attachment-medium size-medium wp-image-5330\" alt=\"\" srcset=\"https:\/\/akisens.montrealenligne.dev\/wp-content\/uploads\/2022\/06\/2019-01-19_12-58-13-1170x466-1-300x119.jpeg 300w, https:\/\/akisens.montrealenligne.dev\/wp-content\/uploads\/2022\/06\/2019-01-19_12-58-13-1170x466-1-1024x408.jpeg 1024w, https:\/\/akisens.montrealenligne.dev\/wp-content\/uploads\/2022\/06\/2019-01-19_12-58-13-1170x466-1-768x306.jpeg 768w, https:\/\/akisens.montrealenligne.dev\/wp-content\/uploads\/2022\/06\/2019-01-19_12-58-13-1170x466-1.jpeg 1170w\" sizes=\"(max-width: 300px) 100vw, 300px\" \/><\/div><\/a>\n\t\t\t\t<div class=\"elementor-post__badge\">Espagnol<\/div>\n\t\t\t\t<div class=\"elementor-post__avatar\">\n\t\t\t<img alt='Patrick Mailloux' src='https:\/\/secure.gravatar.com\/avatar\/415a2ec482907c8c68619a7b8e967735dc2b11ec5aa77f1f3529a7dd84142d41?s=128&#038;d=mm&#038;r=g' srcset='https:\/\/secure.gravatar.com\/avatar\/415a2ec482907c8c68619a7b8e967735dc2b11ec5aa77f1f3529a7dd84142d41?s=256&#038;d=mm&#038;r=g 2x' class='avatar avatar-128 photo' height='128' width='128' \/>\t\t<\/div>\n\t\t\t\t<div class=\"elementor-post__text\">\n\t\t\t\t<h3 class=\"elementor-post__title\">\n\t\t\t<a href=\"https:\/\/akisens.montrealenligne.dev\/?p=9205&amp;lang=es\" >\n\t\t\t\tCr\u00f3nica sobre el caos en el seguro de condominios\t\t\t<\/a>\n\t\t<\/h3>\n\t\t\t\t<div class=\"elementor-post__excerpt\">\n\t\t\t<p>CR\u00d3NICA SOBRE EL CAOS EN EL SEGURO DE CONDOMINIOS La confusi\u00f3n reina en el mundo de los seguros de condominios. Aseguradoras, expertos en siniestros y<\/p>\n\t\t<\/div>\n\t\t\n\t\t<a class=\"elementor-post__read-more\" href=\"https:\/\/akisens.montrealenligne.dev\/?p=9205&#038;lang=es\" aria-label=\"Read more about Cr\u00f3nica sobre el caos en el seguro de condominios\" tabindex=\"-1\" >\n\t\t\tLire la suite \u00bb\t\t<\/a>\n\n\t\t\t\t<\/div>\n\t\t\t\t<div class=\"elementor-post__meta-data\">\n\t\t\t\t\t<span class=\"elementor-post-date\">\n\t\t\t5 mars 2025\t\t<\/span>\n\t\t\t\t<span class=\"elementor-post-avatar\">\n\t\t\tPas de commentaire\t\t<\/span>\n\t\t\t\t<\/div>\n\t\t\t\t\t<\/div>\n\t\t<\/article>\n\t\t\t\t<article class=\"elementor-post elementor-grid-item post-9200 post type-post status-publish format-standard has-post-thumbnail hentry category-espagnol-es\" role=\"listitem\">\n\t\t\t<div class=\"elementor-post__card\">\n\t\t\t\t<a class=\"elementor-post__thumbnail__link\" href=\"https:\/\/akisens.montrealenligne.dev\/?p=9200&#038;lang=es\" tabindex=\"-1\" ><div class=\"elementor-post__thumbnail\"><img fetchpriority=\"high\" decoding=\"async\" width=\"300\" height=\"210\" src=\"https:\/\/akisens.montrealenligne.dev\/wp-content\/uploads\/2022\/07\/life-condo-300x210.jpeg\" class=\"attachment-medium size-medium wp-image-5816\" alt=\"\" srcset=\"https:\/\/akisens.montrealenligne.dev\/wp-content\/uploads\/2022\/07\/life-condo-300x210.jpeg 300w, https:\/\/akisens.montrealenligne.dev\/wp-content\/uploads\/2022\/07\/life-condo.jpeg 700w\" sizes=\"(max-width: 300px) 100vw, 300px\" \/><\/div><\/a>\n\t\t\t\t<div class=\"elementor-post__badge\">Espagnol<\/div>\n\t\t\t\t<div class=\"elementor-post__avatar\">\n\t\t\t<img alt='Patrick Mailloux' src='https:\/\/secure.gravatar.com\/avatar\/415a2ec482907c8c68619a7b8e967735dc2b11ec5aa77f1f3529a7dd84142d41?s=128&#038;d=mm&#038;r=g' srcset='https:\/\/secure.gravatar.com\/avatar\/415a2ec482907c8c68619a7b8e967735dc2b11ec5aa77f1f3529a7dd84142d41?s=256&#038;d=mm&#038;r=g 2x' class='avatar avatar-128 photo' height='128' width='128' \/>\t\t<\/div>\n\t\t\t\t<div class=\"elementor-post__text\">\n\t\t\t\t<h3 class=\"elementor-post__title\">\n\t\t\t<a href=\"https:\/\/akisens.montrealenligne.dev\/?p=9200&amp;lang=es\" >\n\t\t\t\tCondominio y da\u00f1os por agua\t\t\t<\/a>\n\t\t<\/h3>\n\t\t\t\t<div class=\"elementor-post__excerpt\">\n\t\t\t<p>Condo et d\u00e9g\u00e2ts d\u2019eau Los da\u00f1os por agua son un verdadero dolor de cabeza&#8230; Desde hace 10 a\u00f1os, son la principal causa de reclamaciones en<\/p>\n\t\t<\/div>\n\t\t\n\t\t<a class=\"elementor-post__read-more\" href=\"https:\/\/akisens.montrealenligne.dev\/?p=9200&#038;lang=es\" aria-label=\"Read more about Condominio y da\u00f1os por agua\" tabindex=\"-1\" >\n\t\t\tLire la suite \u00bb\t\t<\/a>\n\n\t\t\t\t<\/div>\n\t\t\t\t<div class=\"elementor-post__meta-data\">\n\t\t\t\t\t<span class=\"elementor-post-date\">\n\t\t\t5 mars 2025\t\t<\/span>\n\t\t\t\t<span class=\"elementor-post-avatar\">\n\t\t\tPas de commentaire\t\t<\/span>\n\t\t\t\t<\/div>\n\t\t\t\t\t<\/div>\n\t\t<\/article>\n\t\t\t\t<\/div>\n\t\t\n\t\t\t\t\t\t<\/div>\n\t\t\t\t<\/div>\n\t\t\t\t\t<\/div>\n\t\t<\/div>\n\t\t\t\t\t<\/div>\n\t\t<\/section>\n\t\t\t\t<section class=\"elementor-section elementor-top-section elementor-element elementor-element-6d2efa84 elementor-section-stretched elementor-section-boxed elementor-section-height-default elementor-section-height-default\" data-id=\"6d2efa84\" data-element_type=\"section\" data-e-type=\"section\" data-settings=\"{&quot;stretch_section&quot;:&quot;section-stretched&quot;}\">\n\t\t\t\t\t\t<div class=\"elementor-container elementor-column-gap-default\">\n\t\t\t\t\t<div class=\"elementor-column elementor-col-100 elementor-top-column elementor-element elementor-element-2888ae6\" data-id=\"2888ae6\" data-element_type=\"column\" data-e-type=\"column\">\n\t\t\t<div class=\"elementor-widget-wrap\">\n\t\t\t\t\t\t\t<\/div>\n\t\t<\/div>\n\t\t\t\t\t<\/div>\n\t\t<\/section>\n\t\t\t\t<\/div>\n\t\t","protected":false},"excerpt":{"rendered":"<p>CR\u00d3NICA SOBRE EL CAOS EN EL SEGURO DE CONDOMINIOS La confusi\u00f3n reina en el mundo de los seguros de condominios. Aseguradoras, expertos en siniestros y corredores de seguros est\u00e1n en desacuerdo sobre la interpretaci\u00f3n del proyecto de ley 141, adoptado en junio pasado. \u00a0 Los primeros art\u00edculos de esta ley entraron en vigor justo antes [&hellip;]<\/p>\n","protected":false},"author":2,"featured_media":5330,"comment_status":"closed","ping_status":"closed","sticky":false,"template":"","format":"standard","meta":{"page_builder":"","footnotes":""},"categories":[66],"tags":[],"class_list":["post-9205","post","type-post","status-publish","format-standard","has-post-thumbnail","hentry","category-espagnol-es"],"aioseo_notices":[],"aioseo_head":"\n\t\t<!-- All in One SEO 5.0.1.1 - aioseo.com -->\n\t<meta name=\"description\" content=\"Condo et d\u00e9g\u00e2ts d\u2019eau Los da\u00f1os por agua son un verdadero dolor de cabeza\u2026 Desde hace 10 a\u00f1os, son la principal causa de reclamaciones en seguros de vivienda, en todos los tipos de vivienda combinados. Cada a\u00f1o, en Quebec, se desembolsan m\u00e1s de 500 millones de d\u00f3lares para cubrir este tipo de da\u00f1os. En las copropiedades,\" \/>\n\t<meta name=\"robots\" content=\"noindex, nofollow, max-image-preview:large\" \/>\n\t<meta name=\"author\" content=\"Patrick Mailloux\"\/>\n\t<link rel=\"canonical\" href=\"https:\/\/akisens.montrealenligne.dev\/?p=9205&#038;lang=es\" \/>\n\t<meta name=\"generator\" content=\"All in One SEO (AIOSEO) 5.0.1.1\" \/>\n\t\t<meta property=\"og:locale\" content=\"fr_CA\" \/>\n\t\t<meta property=\"og:site_name\" content=\"Akisens - Gestion des risques\" \/>\n\t\t<meta property=\"og:type\" content=\"article\" \/>\n\t\t<meta property=\"og:title\" content=\"Cr\u00f3nica sobre el caos en el seguro de condominios - Akisens\" \/>\n\t\t<meta property=\"og:description\" content=\"CR\u00d3NICA SOBRE EL CAOS EN EL SEGURO DE CONDOMINIOS La confusi\u00f3n reina en el mundo de los seguros de condominios. Aseguradoras, expertos en siniestros y corredores de seguros est\u00e1n en desacuerdo sobre la interpretaci\u00f3n del proyecto de ley 141, adoptado en junio pasado. Los primeros art\u00edculos de esta ley entraron en vigor justo antes de Navidad.\" \/>\n\t\t<meta property=\"og:url\" content=\"https:\/\/akisens.montrealenligne.dev\/?p=9205&#038;lang=es\" \/>\n\t\t<meta property=\"og:image\" content=\"https:\/\/akisens482.e.wpstage.net\/wp-content\/uploads\/elementor\/thumbs\/salledemontre2-2-ptsnzpd26ihw0bjl4zpnw3iudkmry063zol42qbjig.jpg\" \/>\n\t\t<meta property=\"og:image:secure_url\" content=\"https:\/\/akisens482.e.wpstage.net\/wp-content\/uploads\/elementor\/thumbs\/salledemontre2-2-ptsnzpd26ihw0bjl4zpnw3iudkmry063zol42qbjig.jpg\" \/>\n\t\t<meta property=\"article:published_time\" content=\"2025-03-05T20:56:24+00:00\" \/>\n\t\t<meta property=\"article:modified_time\" content=\"2025-03-05T20:56:24+00:00\" \/>\n\t\t<meta name=\"twitter:card\" content=\"summary_large_image\" \/>\n\t\t<meta name=\"twitter:title\" content=\"Cr\u00f3nica sobre el caos en el seguro de condominios - Akisens\" \/>\n\t\t<meta name=\"twitter:description\" content=\"CR\u00d3NICA SOBRE EL CAOS EN EL SEGURO DE CONDOMINIOS La confusi\u00f3n reina en el mundo de los seguros de condominios. Aseguradoras, expertos en siniestros y corredores de seguros est\u00e1n en desacuerdo sobre la interpretaci\u00f3n del proyecto de ley 141, adoptado en junio pasado. Los primeros art\u00edculos de esta ley entraron en vigor justo antes de Navidad.\" \/>\n\t\t<meta name=\"twitter:image\" content=\"https:\/\/akisens482.e.wpstage.net\/wp-content\/uploads\/elementor\/thumbs\/salledemontre2-2-ptsnzpd26ihw0bjl4zpnw3iudkmry063zol42qbjig.jpg\" \/>\n\t\t<script type=\"application\/ld+json\" class=\"aioseo-schema\">\n\t\t\t{\"@context\":\"https:\\\/\\\/schema.org\",\"@graph\":[{\"@type\":\"BlogPosting\",\"@id\":\"https:\\\/\\\/akisens.montrealenligne.dev\\\/?p=9205&lang=es#blogposting\",\"name\":\"Cr\\u00f3nica sobre el caos en el seguro de condominios - Akisens\",\"headline\":\"Cr\\u00f3nica sobre el caos en el seguro de condominios\",\"author\":{\"@id\":\"https:\\\/\\\/akisens.montrealenligne.dev\\\/?author=2#author\"},\"publisher\":{\"@id\":\"https:\\\/\\\/akisens.montrealenligne.dev\\\/#organization\"},\"image\":{\"@type\":\"ImageObject\",\"url\":\"https:\\\/\\\/akisens.montrealenligne.dev\\\/wp-content\\\/uploads\\\/2022\\\/06\\\/2019-01-19_12-58-13-1170x466-1.jpeg\",\"width\":1170,\"height\":466},\"datePublished\":\"2025-03-05T16:56:24-05:00\",\"dateModified\":\"2025-03-05T16:56:24-05:00\",\"inLanguage\":\"fr-CA\",\"mainEntityOfPage\":{\"@id\":\"https:\\\/\\\/akisens.montrealenligne.dev\\\/?p=9205&lang=es#webpage\"},\"isPartOf\":{\"@id\":\"https:\\\/\\\/akisens.montrealenligne.dev\\\/?p=9205&lang=es#webpage\"},\"articleSection\":\"Espagnol, Espa\\u00f1ol\"},{\"@type\":\"BreadcrumbList\",\"@id\":\"https:\\\/\\\/akisens.montrealenligne.dev\\\/?p=9205&lang=es#breadcrumblist\",\"itemListElement\":[{\"@type\":\"ListItem\",\"@id\":\"https:\\\/\\\/akisens.montrealenligne.dev#listItem\",\"position\":1,\"name\":\"Accueil\",\"item\":\"https:\\\/\\\/akisens.montrealenligne.dev\",\"nextItem\":{\"@type\":\"ListItem\",\"@id\":\"https:\\\/\\\/akisens.montrealenligne.dev\\\/?cat=66&lang=fr#listItem\",\"name\":\"Espagnol\"}},{\"@type\":\"ListItem\",\"@id\":\"https:\\\/\\\/akisens.montrealenligne.dev\\\/?cat=66&lang=fr#listItem\",\"position\":2,\"name\":\"Espagnol\",\"item\":\"https:\\\/\\\/akisens.montrealenligne.dev\\\/?cat=66&lang=fr\",\"nextItem\":{\"@type\":\"ListItem\",\"@id\":\"https:\\\/\\\/akisens.montrealenligne.dev\\\/?p=9205&lang=es#listItem\",\"name\":\"Cr\\u00f3nica sobre el caos en el seguro de condominios\"},\"previousItem\":{\"@type\":\"ListItem\",\"@id\":\"https:\\\/\\\/akisens.montrealenligne.dev#listItem\",\"name\":\"Accueil\"}},{\"@type\":\"ListItem\",\"@id\":\"https:\\\/\\\/akisens.montrealenligne.dev\\\/?p=9205&lang=es#listItem\",\"position\":3,\"name\":\"Cr\\u00f3nica sobre el caos en el seguro de condominios\",\"previousItem\":{\"@type\":\"ListItem\",\"@id\":\"https:\\\/\\\/akisens.montrealenligne.dev\\\/?cat=66&lang=fr#listItem\",\"name\":\"Espagnol\"}}]},{\"@type\":\"Organization\",\"@id\":\"https:\\\/\\\/akisens.montrealenligne.dev\\\/#organization\",\"name\":\"AkiSens\",\"description\":\"Gestion des risques\",\"url\":\"https:\\\/\\\/akisens.montrealenligne.dev\\\/\",\"telephone\":\"+18443337018\",\"logo\":{\"@type\":\"ImageObject\",\"url\":\"https:\\\/\\\/akisens482.e.wpstage.net\\\/wp-content\\\/uploads\\\/2022\\\/02\\\/Akisens_Logo_2.png\",\"@id\":\"https:\\\/\\\/akisens.montrealenligne.dev\\\/?p=9205&lang=es\\\/#organizationLogo\"},\"image\":{\"@id\":\"https:\\\/\\\/akisens.montrealenligne.dev\\\/?p=9205&lang=es\\\/#organizationLogo\"},\"sameAs\":[\"https:\\\/\\\/www.youtube.com\\\/channel\\\/UC10tcjAY015OI8p6nR4g4dQ?app=desktop\",\"https:\\\/\\\/www.linkedin.com\\\/company\\\/akisens\\\/\"]},{\"@type\":\"Person\",\"@id\":\"https:\\\/\\\/akisens.montrealenligne.dev\\\/?author=2#author\",\"url\":\"https:\\\/\\\/akisens.montrealenligne.dev\\\/?author=2\",\"name\":\"Patrick Mailloux\",\"image\":{\"@type\":\"ImageObject\",\"@id\":\"https:\\\/\\\/akisens.montrealenligne.dev\\\/?p=9205&lang=es#authorImage\",\"url\":\"https:\\\/\\\/secure.gravatar.com\\\/avatar\\\/415a2ec482907c8c68619a7b8e967735dc2b11ec5aa77f1f3529a7dd84142d41?s=96&d=mm&r=g\",\"width\":96,\"height\":96,\"caption\":\"Patrick Mailloux\"}},{\"@type\":\"WebPage\",\"@id\":\"https:\\\/\\\/akisens.montrealenligne.dev\\\/?p=9205&lang=es#webpage\",\"url\":\"https:\\\/\\\/akisens.montrealenligne.dev\\\/?p=9205&lang=es\",\"name\":\"Cr\\u00f3nica sobre el caos en el seguro de condominios - Akisens\",\"description\":\"CR\\u00d3NICA SOBRE EL CAOS EN EL SEGURO DE CONDOMINIOS La confusi\\u00f3n reina en el mundo de los seguros de condominios. Aseguradoras, expertos en siniestros y corredores de seguros est\\u00e1n en desacuerdo sobre la interpretaci\\u00f3n del proyecto de ley 141, adoptado en junio pasado. Los primeros art\\u00edculos de esta ley entraron en vigor justo antes de Navidad.\",\"inLanguage\":\"fr-CA\",\"isPartOf\":{\"@id\":\"https:\\\/\\\/akisens.montrealenligne.dev\\\/#website\"},\"breadcrumb\":{\"@id\":\"https:\\\/\\\/akisens.montrealenligne.dev\\\/?p=9205&lang=es#breadcrumblist\"},\"author\":{\"@id\":\"https:\\\/\\\/akisens.montrealenligne.dev\\\/?author=2#author\"},\"creator\":{\"@id\":\"https:\\\/\\\/akisens.montrealenligne.dev\\\/?author=2#author\"},\"image\":{\"@type\":\"ImageObject\",\"url\":\"https:\\\/\\\/akisens.montrealenligne.dev\\\/wp-content\\\/uploads\\\/2022\\\/06\\\/2019-01-19_12-58-13-1170x466-1.jpeg\",\"@id\":\"https:\\\/\\\/akisens.montrealenligne.dev\\\/?p=9205&lang=es\\\/#mainImage\",\"width\":1170,\"height\":466},\"primaryImageOfPage\":{\"@id\":\"https:\\\/\\\/akisens.montrealenligne.dev\\\/?p=9205&lang=es#mainImage\"},\"datePublished\":\"2025-03-05T16:56:24-05:00\",\"dateModified\":\"2025-03-05T16:56:24-05:00\"},{\"@type\":\"WebSite\",\"@id\":\"https:\\\/\\\/akisens.montrealenligne.dev\\\/#website\",\"url\":\"https:\\\/\\\/akisens.montrealenligne.dev\\\/\",\"name\":\"AkiSens\",\"description\":\"Gestion des risques\",\"inLanguage\":\"fr-CA\",\"publisher\":{\"@id\":\"https:\\\/\\\/akisens.montrealenligne.dev\\\/#organization\"}}]}\n\t\t<\/script>\n\t\t<!-- All in One SEO -->\n\n","aioseo_head_json":{"title":"Cr\u00f3nica sobre el caos en el seguro de condominios - Akisens","description":"CR\u00d3NICA SOBRE EL CAOS EN EL SEGURO DE CONDOMINIOS La confusi\u00f3n reina en el mundo de los seguros de condominios. Aseguradoras, expertos en siniestros y corredores de seguros est\u00e1n en desacuerdo sobre la interpretaci\u00f3n del proyecto de ley 141, adoptado en junio pasado. Los primeros art\u00edculos de esta ley entraron en vigor justo antes de Navidad.","canonical_url":"https:\/\/akisens.montrealenligne.dev\/?p=9205&lang=es","robots":"noindex, nofollow, max-image-preview:large","keywords":"","webmasterTools":{"miscellaneous":""},"schema":{"@context":"https:\/\/schema.org","@graph":[{"@type":"BlogPosting","@id":"https:\/\/akisens.montrealenligne.dev\/?p=9205&lang=es#blogposting","name":"Cr\u00f3nica sobre el caos en el seguro de condominios - Akisens","headline":"Cr\u00f3nica sobre el caos en el seguro de condominios","author":{"@id":"https:\/\/akisens.montrealenligne.dev\/?author=2#author"},"publisher":{"@id":"https:\/\/akisens.montrealenligne.dev\/#organization"},"image":{"@type":"ImageObject","url":"https:\/\/akisens.montrealenligne.dev\/wp-content\/uploads\/2022\/06\/2019-01-19_12-58-13-1170x466-1.jpeg","width":1170,"height":466},"datePublished":"2025-03-05T16:56:24-05:00","dateModified":"2025-03-05T16:56:24-05:00","inLanguage":"fr-CA","mainEntityOfPage":{"@id":"https:\/\/akisens.montrealenligne.dev\/?p=9205&lang=es#webpage"},"isPartOf":{"@id":"https:\/\/akisens.montrealenligne.dev\/?p=9205&lang=es#webpage"},"articleSection":"Espagnol, Espa\u00f1ol"},{"@type":"BreadcrumbList","@id":"https:\/\/akisens.montrealenligne.dev\/?p=9205&lang=es#breadcrumblist","itemListElement":[{"@type":"ListItem","@id":"https:\/\/akisens.montrealenligne.dev#listItem","position":1,"name":"Accueil","item":"https:\/\/akisens.montrealenligne.dev","nextItem":{"@type":"ListItem","@id":"https:\/\/akisens.montrealenligne.dev\/?cat=66&lang=fr#listItem","name":"Espagnol"}},{"@type":"ListItem","@id":"https:\/\/akisens.montrealenligne.dev\/?cat=66&lang=fr#listItem","position":2,"name":"Espagnol","item":"https:\/\/akisens.montrealenligne.dev\/?cat=66&lang=fr","nextItem":{"@type":"ListItem","@id":"https:\/\/akisens.montrealenligne.dev\/?p=9205&lang=es#listItem","name":"Cr\u00f3nica sobre el caos en el seguro de condominios"},"previousItem":{"@type":"ListItem","@id":"https:\/\/akisens.montrealenligne.dev#listItem","name":"Accueil"}},{"@type":"ListItem","@id":"https:\/\/akisens.montrealenligne.dev\/?p=9205&lang=es#listItem","position":3,"name":"Cr\u00f3nica sobre el caos en el seguro de condominios","previousItem":{"@type":"ListItem","@id":"https:\/\/akisens.montrealenligne.dev\/?cat=66&lang=fr#listItem","name":"Espagnol"}}]},{"@type":"Organization","@id":"https:\/\/akisens.montrealenligne.dev\/#organization","name":"AkiSens","description":"Gestion des risques","url":"https:\/\/akisens.montrealenligne.dev\/","telephone":"+18443337018","logo":{"@type":"ImageObject","url":"https:\/\/akisens482.e.wpstage.net\/wp-content\/uploads\/2022\/02\/Akisens_Logo_2.png","@id":"https:\/\/akisens.montrealenligne.dev\/?p=9205&lang=es\/#organizationLogo"},"image":{"@id":"https:\/\/akisens.montrealenligne.dev\/?p=9205&lang=es\/#organizationLogo"},"sameAs":["https:\/\/www.youtube.com\/channel\/UC10tcjAY015OI8p6nR4g4dQ?app=desktop","https:\/\/www.linkedin.com\/company\/akisens\/"]},{"@type":"Person","@id":"https:\/\/akisens.montrealenligne.dev\/?author=2#author","url":"https:\/\/akisens.montrealenligne.dev\/?author=2","name":"Patrick Mailloux","image":{"@type":"ImageObject","@id":"https:\/\/akisens.montrealenligne.dev\/?p=9205&lang=es#authorImage","url":"https:\/\/secure.gravatar.com\/avatar\/415a2ec482907c8c68619a7b8e967735dc2b11ec5aa77f1f3529a7dd84142d41?s=96&d=mm&r=g","width":96,"height":96,"caption":"Patrick Mailloux"}},{"@type":"WebPage","@id":"https:\/\/akisens.montrealenligne.dev\/?p=9205&lang=es#webpage","url":"https:\/\/akisens.montrealenligne.dev\/?p=9205&lang=es","name":"Cr\u00f3nica sobre el caos en el seguro de condominios - Akisens","description":"CR\u00d3NICA SOBRE EL CAOS EN EL SEGURO DE CONDOMINIOS La confusi\u00f3n reina en el mundo de los seguros de condominios. Aseguradoras, expertos en siniestros y corredores de seguros est\u00e1n en desacuerdo sobre la interpretaci\u00f3n del proyecto de ley 141, adoptado en junio pasado. Los primeros art\u00edculos de esta ley entraron en vigor justo antes de Navidad.","inLanguage":"fr-CA","isPartOf":{"@id":"https:\/\/akisens.montrealenligne.dev\/#website"},"breadcrumb":{"@id":"https:\/\/akisens.montrealenligne.dev\/?p=9205&lang=es#breadcrumblist"},"author":{"@id":"https:\/\/akisens.montrealenligne.dev\/?author=2#author"},"creator":{"@id":"https:\/\/akisens.montrealenligne.dev\/?author=2#author"},"image":{"@type":"ImageObject","url":"https:\/\/akisens.montrealenligne.dev\/wp-content\/uploads\/2022\/06\/2019-01-19_12-58-13-1170x466-1.jpeg","@id":"https:\/\/akisens.montrealenligne.dev\/?p=9205&lang=es\/#mainImage","width":1170,"height":466},"primaryImageOfPage":{"@id":"https:\/\/akisens.montrealenligne.dev\/?p=9205&lang=es#mainImage"},"datePublished":"2025-03-05T16:56:24-05:00","dateModified":"2025-03-05T16:56:24-05:00"},{"@type":"WebSite","@id":"https:\/\/akisens.montrealenligne.dev\/#website","url":"https:\/\/akisens.montrealenligne.dev\/","name":"AkiSens","description":"Gestion des risques","inLanguage":"fr-CA","publisher":{"@id":"https:\/\/akisens.montrealenligne.dev\/#organization"}}]},"og:locale":"fr_CA","og:site_name":"Akisens - Gestion des risques","og:type":"article","og:title":"Cr\u00f3nica sobre el caos en el seguro de condominios - Akisens","og:description":"CR\u00d3NICA SOBRE EL CAOS EN EL SEGURO DE CONDOMINIOS La confusi\u00f3n reina en el mundo de los seguros de condominios. Aseguradoras, expertos en siniestros y corredores de seguros est\u00e1n en desacuerdo sobre la interpretaci\u00f3n del proyecto de ley 141, adoptado en junio pasado. Los primeros art\u00edculos de esta ley entraron en vigor justo antes de Navidad.","og:url":"https:\/\/akisens.montrealenligne.dev\/?p=9205&#038;lang=es","og:image":"https:\/\/akisens482.e.wpstage.net\/wp-content\/uploads\/elementor\/thumbs\/salledemontre2-2-ptsnzpd26ihw0bjl4zpnw3iudkmry063zol42qbjig.jpg","og:image:secure_url":"https:\/\/akisens482.e.wpstage.net\/wp-content\/uploads\/elementor\/thumbs\/salledemontre2-2-ptsnzpd26ihw0bjl4zpnw3iudkmry063zol42qbjig.jpg","article:published_time":"2025-03-05T20:56:24+00:00","article:modified_time":"2025-03-05T20:56:24+00:00","twitter:card":"summary_large_image","twitter:title":"Cr\u00f3nica sobre el caos en el seguro de condominios - Akisens","twitter:description":"CR\u00d3NICA SOBRE EL CAOS EN EL SEGURO DE CONDOMINIOS La confusi\u00f3n reina en el mundo de los seguros de condominios. Aseguradoras, expertos en siniestros y corredores de seguros est\u00e1n en desacuerdo sobre la interpretaci\u00f3n del proyecto de ley 141, adoptado en junio pasado. Los primeros art\u00edculos de esta ley entraron en vigor justo antes de Navidad.","twitter:image":"https:\/\/akisens482.e.wpstage.net\/wp-content\/uploads\/elementor\/thumbs\/salledemontre2-2-ptsnzpd26ihw0bjl4zpnw3iudkmry063zol42qbjig.jpg"},"aioseo_meta_data":{"post_id":"9205","title":null,"description":null,"keywords":null,"keyphrases":{"focus":[],"additional":[]},"primary_term":null,"canonical_url":null,"og_title":null,"og_description":null,"og_object_type":"default","og_image_type":"default","og_image_url":null,"og_image_width":null,"og_image_height":null,"og_image_custom_url":null,"og_image_custom_fields":null,"og_video":null,"og_custom_url":null,"og_article_section":null,"og_article_tags":null,"twitter_use_og":false,"twitter_card":"default","twitter_image_type":"default","twitter_image_url":null,"twitter_image_custom_url":null,"twitter_image_custom_fields":null,"twitter_title":null,"twitter_description":null,"schema":{"blockGraphs":[],"customGraphs":[],"default":{"data":{"Article":[],"Course":[],"Dataset":[],"FAQPage":[],"Movie":[],"Person":[],"Product":[],"ProductReview":[],"Car":[],"Recipe":[],"Service":[],"SoftwareApplication":[],"WebPage":[]},"graphName":"","isEnabled":true},"graphs":[]},"schema_type":"default","schema_type_options":null,"pillar_content":false,"robots_default":true,"robots_noindex":false,"robots_noarchive":false,"robots_nosnippet":false,"robots_nofollow":false,"robots_noimageindex":false,"robots_noodp":false,"robots_notranslate":false,"robots_max_snippet":null,"robots_max_videopreview":null,"robots_max_imagepreview":"large","priority":null,"frequency":null,"local_seo":null,"breadcrumb_settings":null,"limit_modified_date":false,"ai":null,"created":"2026-08-25 18:15:13","updated":"2026-08-26 00:04:34","seo_analyzer_scan_date":null,"focus_keyword":null,"additional_keywords":null,"truseo_locale":null},"aioseo_breadcrumb":"<div class=\"aioseo-breadcrumbs\"><span class=\"aioseo-breadcrumb\">\n\t\t\t<a href=\"https:\/\/akisens.montrealenligne.dev\" title=\"Accueil\">Accueil<\/a>\n\t\t<\/span><span class=\"aioseo-breadcrumb-separator\">&raquo;<\/span><span class=\"aioseo-breadcrumb\">\n\t\t\t<a href=\"https:\/\/akisens.montrealenligne.dev\/?cat=66&amp;lang=fr\" title=\"Espagnol\">Espagnol<\/a>\n\t\t<\/span><span class=\"aioseo-breadcrumb-separator\">&raquo;<\/span><span class=\"aioseo-breadcrumb\">\n\t\t\tCr\u00f3nica sobre el caos en el seguro de condominios\n\t\t<\/span><\/div>","aioseo_breadcrumb_json":[{"label":"Accueil","link":"https:\/\/akisens.montrealenligne.dev"},{"label":"Espagnol","link":"https:\/\/akisens.montrealenligne.dev\/?cat=66&lang=fr"},{"label":"Cr\u00f3nica sobre el caos en el seguro de condominios","link":"https:\/\/akisens.montrealenligne.dev\/?p=9205&lang=es"}],"_links":{"self":[{"href":"https:\/\/akisens.montrealenligne.dev\/index.php?rest_route=\/wp\/v2\/posts\/9205","targetHints":{"allow":["GET"]}}],"collection":[{"href":"https:\/\/akisens.montrealenligne.dev\/index.php?rest_route=\/wp\/v2\/posts"}],"about":[{"href":"https:\/\/akisens.montrealenligne.dev\/index.php?rest_route=\/wp\/v2\/types\/post"}],"author":[{"embeddable":true,"href":"https:\/\/akisens.montrealenligne.dev\/index.php?rest_route=\/wp\/v2\/users\/2"}],"replies":[{"embeddable":true,"href":"https:\/\/akisens.montrealenligne.dev\/index.php?rest_route=%2Fwp%2Fv2%2Fcomments&post=9205"}],"version-history":[{"count":0,"href":"https:\/\/akisens.montrealenligne.dev\/index.php?rest_route=\/wp\/v2\/posts\/9205\/revisions"}],"wp:featuredmedia":[{"embeddable":true,"href":"https:\/\/akisens.montrealenligne.dev\/index.php?rest_route=\/wp\/v2\/media\/5330"}],"wp:attachment":[{"href":"https:\/\/akisens.montrealenligne.dev\/index.php?rest_route=%2Fwp%2Fv2%2Fmedia&parent=9205"}],"wp:term":[{"taxonomy":"category","embeddable":true,"href":"https:\/\/akisens.montrealenligne.dev\/index.php?rest_route=%2Fwp%2Fv2%2Fcategories&post=9205"},{"taxonomy":"post_tag","embeddable":true,"href":"https:\/\/akisens.montrealenligne.dev\/index.php?rest_route=%2Fwp%2Fv2%2Ftags&post=9205"}],"curies":[{"name":"wp","href":"https:\/\/api.w.org\/{rel}","templated":true}]}}